{"id":191390,"date":"2023-01-24T12:50:18","date_gmt":"2023-01-24T12:50:18","guid":{"rendered":"https:\/\/fourstrokebarn.com\/honda-day-14-juin-2020\/"},"modified":"2023-01-24T12:50:18","modified_gmt":"2023-01-24T12:50:18","slug":"honda-day-14-juin-2020","status":"publish","type":"post","link":"https:\/\/fourstrokebarn.com\/fr\/honda-day-14-juin-2020\/","title":{"rendered":"Honda Day \u2013 14 juin 2020"},"content":{"rendered":"\n<p class=\"wp-block-paragraph\"><\/p>\n<p><img loading=\"lazy\" decoding=\"async\" class=\"alignright wp-image-55236 size-medium\" src=\"https:\/\/fourstrokebarn.com\/wp-content\/uploads\/2013\/11\/Hondadag-1983-300x160.jpg\" alt=\"Honda Day 1983\" width=\"300\" height=\"160\" srcset=\"https:\/\/fourstrokebarn.com\/wp-content\/uploads\/2013\/11\/Hondadag-1983-300x160.jpg 300w, https:\/\/fourstrokebarn.com\/wp-content\/uploads\/2013\/11\/Hondadag-1983-600x320.jpg 600w, https:\/\/fourstrokebarn.com\/wp-content\/uploads\/2013\/11\/Hondadag-1983.jpg 750w\" sizes=\"auto, (max-width: 300px) 100vw, 300px\" \/><\/p>\n<p>La journ\u00e9e annuelle Honda n\u2019aura presque certainement pas lieu cette ann\u00e9e, comme il se pr\u00e9sente actuellement. Une \u00e9norme d\u00e9ception pour tous les passionn\u00e9s qui ont fait de cette journ\u00e9e sp\u00e9ciale un v\u00e9ritable \u00e9v\u00e9nement ces derni\u00e8res ann\u00e9es. Le conseil d\u2019administration de la <a href=\"https:\/\/www.hondavereniging.nl\/\">HVN<\/a> (Honda association Netherlands) a bien s\u00fbr d\u00e9j\u00e0 pr\u00e9par\u00e9 son propre calendrier d\u2019\u00e9v\u00e9nements pour 2020, mais le virus corona signifie que les \u00e9v\u00e9nements pr\u00e9vus n\u2019auront souvent pas lieu. Bien s\u00fbr, la sant\u00e9 est primordiale pour tout le monde, donc avec la douleur dans le c\u0153ur, un \u00e9v\u00e9nement apr\u00e8s l\u2019autre est annul\u00e9.<\/p>\n<p>Ce qui commen\u00e7ait autrefois comme une petite balade s\u2019est transform\u00e9 en un grand week-end. Le Honda Day est l\u2019un des plus grands \u00e9v\u00e9nements aux Pays-Bas dans le domaine des cyclomoteurs. Le Honda Day est plus qu\u2019une tourn\u00e9e ordinaire \u00e0 laquelle seuls les cyclomoteurs Honda \u00e0 quatre temps et leurs d\u00e9riv\u00e9s participent. Il y a eu des journ\u00e9es Honda o\u00f9 environ 1500 participants \u00e9taient pr\u00e9sents.<br \/>Ces derni\u00e8res ann\u00e9es, le Honda Day s\u2019est transform\u00e9 en week-end Honda. Un samedi et un dimanche dans l\u2019ann\u00e9e sont tous consacr\u00e9s au cyclomoteur Honda \u00e0 quatre temps. Le samedi, il y a toujours une pr\u00e9f\u00eate organis\u00e9e o\u00f9 vous campez tout en profitant de la musique et d\u2019un barbecue. Lors de cette pr\u00e9f\u00eate, une \u00e9lection est toujours organis\u00e9e qui a le plus beau (bon) le plus original et le plus saum\u00e2tre cyclomoteur. Les gagnants recevront un beau prix original et\/ou saum\u00e2tre !<\/p>\n<h6>Les \u00e9v\u00e9nements pour 2020<\/h6>\n<p>Est-ce que <a href=\"https:\/\/www.hondavereniging.nl\/index.php?p=viewitem&amp;id=4\">l\u2019aper\u00e7u<\/a> qui a \u00e9t\u00e9 plac\u00e9 sur le site du HVN sont les voyages pr\u00e9vus inclus, mais aussi une grande partie d\u2019entre eux ne pourront pas continuer.  <\/p>\n<p>Pour les mois \u00e0 venir \u2013 surtout avec le beau temps \u2013 vous sortirez principalement seul ou avec votre partenaire direct. Cela peut bien s\u00fbr aussi \u00eatre tr\u00e8s agr\u00e9able et confortable, mais c\u2019est certainement diff\u00e9rent de toutes les autres ann\u00e9es et ce n\u2019est pas un jour Honda. .  <\/p>\n<p>Si vous voulez toujours profiter des ann\u00e9es pr\u00e9c\u00e9dentes, plongez dans les <a href=\"https:\/\/www.hondavereniging.nl\/index.php?p=viewitem&amp;id=6\">archives de photos et de films<\/a> du HVN. Si vous pr\u00e9f\u00e9rez des <a href=\"https:\/\/www.youtube.com\/watch?v=lycTTSWeZUM\">images en mouvement<\/a> , jetez un coup d\u2019\u0153il \u00e0 la fa\u00e7on dont Kjell prend en charge le HVN.<\/p>\n<p>Si vous n\u2019\u00e9tiez toujours pas pr\u00eat \u00e0 participer cette ann\u00e9e, vous pouvez vous rendre au <a href=\"https:\/\/fourstrokebarn.com\/fr\/productcategorie\/cyclomoteurs\/\">stock de cyclomoteurs<\/a>. Peut-\u00eatre qu\u2019il y a quelque chose que vous voulez piloter l\u2019ann\u00e9e prochaine.  <\/p><\/p>\n\n<p class=\"wp-block-paragraph\"><\/p>\n","protected":false},"excerpt":{"rendered":"<p>La journ\u00e9e annuelle Honda n\u2019aura presque certainement pas lieu cette ann\u00e9e, comme il se pr\u00e9sente actuellement. Une \u00e9norme d\u00e9ception pour\u2026<\/p>\n","protected":false},"author":6,"featured_media":0,"comment_status":"closed","ping_status":"open","sticky":false,"template":"","format":"standard","meta":{"inline_featured_image":false,"_monsterinsights_skip_tracking":false,"footnotes":""},"categories":[10898,10566],"tags":[11026],"class_list":["post-191390","post","type-post","status-publish","format-standard","hentry","category-conseils-et-faq","category-nouvelles","tag-foires"],"yoast_head":"<!-- This site is optimized with the Yoast SEO Premium plugin v28.3 (Yoast SEO v28.4) - https:\/\/yoast.com\/product\/yoast-seo-premium-wordpress\/ -->\n<title>Honda day - un plus grand \u00e9v\u00e9nement aux Pays-Bas dans le domaine des cyclomoteurs.<\/title>\n<meta name=\"description\" content=\"Le Honda Day - l\u2019un des plus grands \u00e9v\u00e9nements aux Pays-Bas dans le domaine des cyclomoteurs? C\u2019est plus qu\u2019un tour ordinaire pour les cyclomoteurs Honda \u00e0 quatre temps.\" \/>\n<meta name=\"robots\" content=\"index, follow, max-snippet:-1, max-image-preview:large, max-video-preview:-1\" \/>\n<link rel=\"canonical\" href=\"https:\/\/fourstrokebarn.com\/fr\/honda-day-14-juin-2020\/\" \/>\n<meta property=\"og:locale\" content=\"fr_FR\" \/>\n<meta property=\"og:type\" content=\"article\" \/>\n<meta property=\"og:title\" content=\"Honda Day - 14 juin 2020\" \/>\n<meta property=\"og:description\" content=\"Le Honda Day - l\u2019un des plus grands \u00e9v\u00e9nements aux Pays-Bas dans le domaine des cyclomoteurs? C\u2019est plus qu\u2019un tour ordinaire pour les cyclomoteurs Honda \u00e0 quatre temps.\" \/>\n<meta property=\"og:url\" content=\"https:\/\/fourstrokebarn.com\/fr\/honda-day-14-juin-2020\/\" \/>\n<meta property=\"og:site_name\" content=\"Fourstrokebarn\" \/>\n<meta property=\"article:publisher\" content=\"https:\/\/www.facebook.com\/fourstrokebarn\" \/>\n<meta property=\"article:published_time\" content=\"2023-01-24T12:50:18+00:00\" \/>\n<meta property=\"og:image\" content=\"https:\/\/fourstrokebarn.com\/wp-content\/uploads\/2013\/11\/Hondadag-1983-300x160.jpg\" \/>\n<meta name=\"author\" content=\"Kjell van Oostrum\" \/>\n<meta name=\"twitter:card\" content=\"summary_large_image\" \/>\n<meta name=\"twitter:label1\" content=\"\u00c9crit par\" \/>\n\t<meta name=\"twitter:data1\" content=\"Kjell van Oostrum\" \/>\n\t<meta name=\"twitter:label2\" content=\"Dur\u00e9e de lecture estim\u00e9e\" \/>\n\t<meta name=\"twitter:data2\" content=\"2 minutes\" \/>\n<script type=\"application\/ld+json\" class=\"yoast-schema-graph\">{\"@context\":\"https:\\\/\\\/schema.org\",\"@graph\":[{\"@type\":\"Article\",\"@id\":\"https:\\\/\\\/fourstrokebarn.com\\\/fr\\\/honda-day-14-juin-2020\\\/#article\",\"isPartOf\":{\"@id\":\"https:\\\/\\\/fourstrokebarn.com\\\/fr\\\/honda-day-14-juin-2020\\\/\"},\"author\":{\"name\":\"Kjell van Oostrum\",\"@id\":\"https:\\\/\\\/fourstrokebarn.com\\\/fr\\\/#\\\/schema\\\/person\\\/c617e5f6e5be8a08daa357e756cf7d3f\"},\"headline\":\"Honda Day \u2013 14 juin 2020\",\"datePublished\":\"2023-01-24T12:50:18+00:00\",\"mainEntityOfPage\":{\"@id\":\"https:\\\/\\\/fourstrokebarn.com\\\/fr\\\/honda-day-14-juin-2020\\\/\"},\"wordCount\":458,\"publisher\":{\"@id\":\"https:\\\/\\\/fourstrokebarn.com\\\/fr\\\/#organization\"},\"image\":{\"@id\":\"https:\\\/\\\/fourstrokebarn.com\\\/fr\\\/honda-day-14-juin-2020\\\/#primaryimage\"},\"thumbnailUrl\":\"https:\\\/\\\/fourstrokebarn.com\\\/wp-content\\\/uploads\\\/2013\\\/11\\\/Hondadag-1983-300x160.jpg\",\"keywords\":[\"Foires\"],\"articleSection\":[\"Conseils et FAQ\",\"Nouvelles\"],\"inLanguage\":\"fr-FR\"},{\"@type\":\"WebPage\",\"@id\":\"https:\\\/\\\/fourstrokebarn.com\\\/fr\\\/honda-day-14-juin-2020\\\/\",\"url\":\"https:\\\/\\\/fourstrokebarn.com\\\/fr\\\/honda-day-14-juin-2020\\\/\",\"name\":\"Honda day - un plus grand \u00e9v\u00e9nement aux Pays-Bas dans le domaine des cyclomoteurs.\",\"isPartOf\":{\"@id\":\"https:\\\/\\\/fourstrokebarn.com\\\/fr\\\/#website\"},\"primaryImageOfPage\":{\"@id\":\"https:\\\/\\\/fourstrokebarn.com\\\/fr\\\/honda-day-14-juin-2020\\\/#primaryimage\"},\"image\":{\"@id\":\"https:\\\/\\\/fourstrokebarn.com\\\/fr\\\/honda-day-14-juin-2020\\\/#primaryimage\"},\"thumbnailUrl\":\"https:\\\/\\\/fourstrokebarn.com\\\/wp-content\\\/uploads\\\/2013\\\/11\\\/Hondadag-1983-300x160.jpg\",\"datePublished\":\"2023-01-24T12:50:18+00:00\",\"description\":\"Le Honda Day - l\u2019un des plus grands \u00e9v\u00e9nements aux Pays-Bas dans le domaine des cyclomoteurs? C\u2019est plus qu\u2019un tour ordinaire pour les cyclomoteurs Honda \u00e0 quatre temps.\",\"breadcrumb\":{\"@id\":\"https:\\\/\\\/fourstrokebarn.com\\\/fr\\\/honda-day-14-juin-2020\\\/#breadcrumb\"},\"inLanguage\":\"fr-FR\",\"potentialAction\":[{\"@type\":\"ReadAction\",\"target\":[\"https:\\\/\\\/fourstrokebarn.com\\\/fr\\\/honda-day-14-juin-2020\\\/\"]}]},{\"@type\":\"ImageObject\",\"inLanguage\":\"fr-FR\",\"@id\":\"https:\\\/\\\/fourstrokebarn.com\\\/fr\\\/honda-day-14-juin-2020\\\/#primaryimage\",\"url\":\"https:\\\/\\\/fourstrokebarn.com\\\/wp-content\\\/uploads\\\/2013\\\/11\\\/Hondadag-1983-300x160.jpg\",\"contentUrl\":\"https:\\\/\\\/fourstrokebarn.com\\\/wp-content\\\/uploads\\\/2013\\\/11\\\/Hondadag-1983-300x160.jpg\"},{\"@type\":\"BreadcrumbList\",\"@id\":\"https:\\\/\\\/fourstrokebarn.com\\\/fr\\\/honda-day-14-juin-2020\\\/#breadcrumb\",\"itemListElement\":[{\"@type\":\"ListItem\",\"position\":1,\"name\":\"Domicile\",\"item\":\"https:\\\/\\\/fourstrokebarn.com\\\/fr\\\/cyclomoteurs-honda-4-temps-et-pieces-a-vendre\\\/\"},{\"@type\":\"ListItem\",\"position\":2,\"name\":\"Honda Day &#8211; 14 juin 2020\"}]},{\"@type\":\"WebSite\",\"@id\":\"https:\\\/\\\/fourstrokebarn.com\\\/fr\\\/#website\",\"url\":\"https:\\\/\\\/fourstrokebarn.com\\\/fr\\\/\",\"name\":\"Fourstrokebarn\",\"description\":\"New &amp; used Honda 4-stroke classic bikes &amp; parts\",\"publisher\":{\"@id\":\"https:\\\/\\\/fourstrokebarn.com\\\/fr\\\/#organization\"},\"potentialAction\":[{\"@type\":\"SearchAction\",\"target\":{\"@type\":\"EntryPoint\",\"urlTemplate\":\"https:\\\/\\\/fourstrokebarn.com\\\/fr\\\/?s={search_term_string}\"},\"query-input\":{\"@type\":\"PropertyValueSpecification\",\"valueRequired\":true,\"valueName\":\"search_term_string\"}}],\"inLanguage\":\"fr-FR\"},{\"@type\":\"Organization\",\"@id\":\"https:\\\/\\\/fourstrokebarn.com\\\/fr\\\/#organization\",\"name\":\"Fourstrokebarn\",\"url\":\"https:\\\/\\\/fourstrokebarn.com\\\/fr\\\/\",\"logo\":{\"@type\":\"ImageObject\",\"inLanguage\":\"fr-FR\",\"@id\":\"https:\\\/\\\/fourstrokebarn.com\\\/fr\\\/#\\\/schema\\\/logo\\\/image\\\/\",\"url\":\"https:\\\/\\\/fourstrokebarn.com\\\/wp-content\\\/uploads\\\/2017\\\/01\\\/Foutstrokebarn_web_logo_rood.png\",\"contentUrl\":\"https:\\\/\\\/fourstrokebarn.com\\\/wp-content\\\/uploads\\\/2017\\\/01\\\/Foutstrokebarn_web_logo_rood.png\",\"width\":355,\"height\":163,\"caption\":\"Fourstrokebarn\"},\"image\":{\"@id\":\"https:\\\/\\\/fourstrokebarn.com\\\/fr\\\/#\\\/schema\\\/logo\\\/image\\\/\"},\"sameAs\":[\"https:\\\/\\\/www.facebook.com\\\/fourstrokebarn\"]},{\"@type\":\"Person\",\"@id\":\"https:\\\/\\\/fourstrokebarn.com\\\/fr\\\/#\\\/schema\\\/person\\\/c617e5f6e5be8a08daa357e756cf7d3f\",\"name\":\"Kjell van Oostrum\",\"image\":{\"@type\":\"ImageObject\",\"inLanguage\":\"fr-FR\",\"@id\":\"https:\\\/\\\/fourstrokebarn.com\\\/wp-content\\\/litespeed\\\/avatar\\\/fbb845d26507382cdc206bc46c13760b.jpg?ver=1788370678\",\"url\":\"https:\\\/\\\/fourstrokebarn.com\\\/wp-content\\\/litespeed\\\/avatar\\\/fbb845d26507382cdc206bc46c13760b.jpg?ver=1788370678\",\"contentUrl\":\"https:\\\/\\\/fourstrokebarn.com\\\/wp-content\\\/litespeed\\\/avatar\\\/fbb845d26507382cdc206bc46c13760b.jpg?ver=1788370678\",\"caption\":\"Kjell van Oostrum\"},\"url\":\"https:\\\/\\\/fourstrokebarn.com\\\/fr\\\/author\\\/kjellvanoostrum\\\/\"}]}<\/script>\n<!-- \/ Yoast SEO Premium plugin. -->","yoast_head_json":{"title":"Honda day - un plus grand \u00e9v\u00e9nement aux Pays-Bas dans le domaine des cyclomoteurs.","description":"Le Honda Day - l\u2019un des plus grands \u00e9v\u00e9nements aux Pays-Bas dans le domaine des cyclomoteurs? C\u2019est plus qu\u2019un tour ordinaire pour les cyclomoteurs Honda \u00e0 quatre temps.","robots":{"index":"index","follow":"follow","max-snippet":"max-snippet:-1","max-image-preview":"max-image-preview:large","max-video-preview":"max-video-preview:-1"},"canonical":"https:\/\/fourstrokebarn.com\/fr\/honda-day-14-juin-2020\/","og_locale":"fr_FR","og_type":"article","og_title":"Honda Day - 14 juin 2020","og_description":"Le Honda Day - l\u2019un des plus grands \u00e9v\u00e9nements aux Pays-Bas dans le domaine des cyclomoteurs? C\u2019est plus qu\u2019un tour ordinaire pour les cyclomoteurs Honda \u00e0 quatre temps.","og_url":"https:\/\/fourstrokebarn.com\/fr\/honda-day-14-juin-2020\/","og_site_name":"Fourstrokebarn","article_publisher":"https:\/\/www.facebook.com\/fourstrokebarn","article_published_time":"2023-01-24T12:50:18+00:00","og_image":[{"url":"https:\/\/fourstrokebarn.com\/wp-content\/uploads\/2013\/11\/Hondadag-1983-300x160.jpg","type":"","width":"","height":""}],"author":"Kjell van Oostrum","twitter_card":"summary_large_image","twitter_misc":{"\u00c9crit par":"Kjell van Oostrum","Dur\u00e9e de lecture estim\u00e9e":"2 minutes"},"schema":{"@context":"https:\/\/schema.org","@graph":[{"@type":"Article","@id":"https:\/\/fourstrokebarn.com\/fr\/honda-day-14-juin-2020\/#article","isPartOf":{"@id":"https:\/\/fourstrokebarn.com\/fr\/honda-day-14-juin-2020\/"},"author":{"name":"Kjell van Oostrum","@id":"https:\/\/fourstrokebarn.com\/fr\/#\/schema\/person\/c617e5f6e5be8a08daa357e756cf7d3f"},"headline":"Honda Day \u2013 14 juin 2020","datePublished":"2023-01-24T12:50:18+00:00","mainEntityOfPage":{"@id":"https:\/\/fourstrokebarn.com\/fr\/honda-day-14-juin-2020\/"},"wordCount":458,"publisher":{"@id":"https:\/\/fourstrokebarn.com\/fr\/#organization"},"image":{"@id":"https:\/\/fourstrokebarn.com\/fr\/honda-day-14-juin-2020\/#primaryimage"},"thumbnailUrl":"https:\/\/fourstrokebarn.com\/wp-content\/uploads\/2013\/11\/Hondadag-1983-300x160.jpg","keywords":["Foires"],"articleSection":["Conseils et FAQ","Nouvelles"],"inLanguage":"fr-FR"},{"@type":"WebPage","@id":"https:\/\/fourstrokebarn.com\/fr\/honda-day-14-juin-2020\/","url":"https:\/\/fourstrokebarn.com\/fr\/honda-day-14-juin-2020\/","name":"Honda day - un plus grand \u00e9v\u00e9nement aux Pays-Bas dans le domaine des cyclomoteurs.","isPartOf":{"@id":"https:\/\/fourstrokebarn.com\/fr\/#website"},"primaryImageOfPage":{"@id":"https:\/\/fourstrokebarn.com\/fr\/honda-day-14-juin-2020\/#primaryimage"},"image":{"@id":"https:\/\/fourstrokebarn.com\/fr\/honda-day-14-juin-2020\/#primaryimage"},"thumbnailUrl":"https:\/\/fourstrokebarn.com\/wp-content\/uploads\/2013\/11\/Hondadag-1983-300x160.jpg","datePublished":"2023-01-24T12:50:18+00:00","description":"Le Honda Day - l\u2019un des plus grands \u00e9v\u00e9nements aux Pays-Bas dans le domaine des cyclomoteurs? C\u2019est plus qu\u2019un tour ordinaire pour les cyclomoteurs Honda \u00e0 quatre temps.","breadcrumb":{"@id":"https:\/\/fourstrokebarn.com\/fr\/honda-day-14-juin-2020\/#breadcrumb"},"inLanguage":"fr-FR","potentialAction":[{"@type":"ReadAction","target":["https:\/\/fourstrokebarn.com\/fr\/honda-day-14-juin-2020\/"]}]},{"@type":"ImageObject","inLanguage":"fr-FR","@id":"https:\/\/fourstrokebarn.com\/fr\/honda-day-14-juin-2020\/#primaryimage","url":"https:\/\/fourstrokebarn.com\/wp-content\/uploads\/2013\/11\/Hondadag-1983-300x160.jpg","contentUrl":"https:\/\/fourstrokebarn.com\/wp-content\/uploads\/2013\/11\/Hondadag-1983-300x160.jpg"},{"@type":"BreadcrumbList","@id":"https:\/\/fourstrokebarn.com\/fr\/honda-day-14-juin-2020\/#breadcrumb","itemListElement":[{"@type":"ListItem","position":1,"name":"Domicile","item":"https:\/\/fourstrokebarn.com\/fr\/cyclomoteurs-honda-4-temps-et-pieces-a-vendre\/"},{"@type":"ListItem","position":2,"name":"Honda Day &#8211; 14 juin 2020"}]},{"@type":"WebSite","@id":"https:\/\/fourstrokebarn.com\/fr\/#website","url":"https:\/\/fourstrokebarn.com\/fr\/","name":"Fourstrokebarn","description":"New &amp; used Honda 4-stroke classic bikes &amp; parts","publisher":{"@id":"https:\/\/fourstrokebarn.com\/fr\/#organization"},"potentialAction":[{"@type":"SearchAction","target":{"@type":"EntryPoint","urlTemplate":"https:\/\/fourstrokebarn.com\/fr\/?s={search_term_string}"},"query-input":{"@type":"PropertyValueSpecification","valueRequired":true,"valueName":"search_term_string"}}],"inLanguage":"fr-FR"},{"@type":"Organization","@id":"https:\/\/fourstrokebarn.com\/fr\/#organization","name":"Fourstrokebarn","url":"https:\/\/fourstrokebarn.com\/fr\/","logo":{"@type":"ImageObject","inLanguage":"fr-FR","@id":"https:\/\/fourstrokebarn.com\/fr\/#\/schema\/logo\/image\/","url":"https:\/\/fourstrokebarn.com\/wp-content\/uploads\/2017\/01\/Foutstrokebarn_web_logo_rood.png","contentUrl":"https:\/\/fourstrokebarn.com\/wp-content\/uploads\/2017\/01\/Foutstrokebarn_web_logo_rood.png","width":355,"height":163,"caption":"Fourstrokebarn"},"image":{"@id":"https:\/\/fourstrokebarn.com\/fr\/#\/schema\/logo\/image\/"},"sameAs":["https:\/\/www.facebook.com\/fourstrokebarn"]},{"@type":"Person","@id":"https:\/\/fourstrokebarn.com\/fr\/#\/schema\/person\/c617e5f6e5be8a08daa357e756cf7d3f","name":"Kjell van Oostrum","image":{"@type":"ImageObject","inLanguage":"fr-FR","@id":"https:\/\/fourstrokebarn.com\/wp-content\/litespeed\/avatar\/fbb845d26507382cdc206bc46c13760b.jpg?ver=1788370678","url":"https:\/\/fourstrokebarn.com\/wp-content\/litespeed\/avatar\/fbb845d26507382cdc206bc46c13760b.jpg?ver=1788370678","contentUrl":"https:\/\/fourstrokebarn.com\/wp-content\/litespeed\/avatar\/fbb845d26507382cdc206bc46c13760b.jpg?ver=1788370678","caption":"Kjell van Oostrum"},"url":"https:\/\/fourstrokebarn.com\/fr\/author\/kjellvanoostrum\/"}]}},"fimg_url":false,"_links":{"self":[{"href":"https:\/\/fourstrokebarn.com\/fr\/wp-json\/wp\/v2\/posts\/191390","targetHints":{"allow":["GET"]}}],"collection":[{"href":"https:\/\/fourstrokebarn.com\/fr\/wp-json\/wp\/v2\/posts"}],"about":[{"href":"https:\/\/fourstrokebarn.com\/fr\/wp-json\/wp\/v2\/types\/post"}],"author":[{"embeddable":true,"href":"https:\/\/fourstrokebarn.com\/fr\/wp-json\/wp\/v2\/users\/6"}],"replies":[{"embeddable":true,"href":"https:\/\/fourstrokebarn.com\/fr\/wp-json\/wp\/v2\/comments?post=191390"}],"version-history":[{"count":1,"href":"https:\/\/fourstrokebarn.com\/fr\/wp-json\/wp\/v2\/posts\/191390\/revisions"}],"predecessor-version":[{"id":191397,"href":"https:\/\/fourstrokebarn.com\/fr\/wp-json\/wp\/v2\/posts\/191390\/revisions\/191397"}],"wp:attachment":[{"href":"https:\/\/fourstrokebarn.com\/fr\/wp-json\/wp\/v2\/media?parent=191390"}],"wp:term":[{"taxonomy":"category","embeddable":true,"href":"https:\/\/fourstrokebarn.com\/fr\/wp-json\/wp\/v2\/categories?post=191390"},{"taxonomy":"post_tag","embeddable":true,"href":"https:\/\/fourstrokebarn.com\/fr\/wp-json\/wp\/v2\/tags?post=191390"}],"curies":[{"name":"wp","href":"https:\/\/api.w.org\/{rel}","templated":true}]}}